{"id":8142,"date":"2025-08-15T11:46:52","date_gmt":"2025-08-15T09:46:52","guid":{"rendered":"https:\/\/neustadtarchitekten.de\/?p=8142"},"modified":"2025-08-15T12:09:23","modified_gmt":"2025-08-15T10:09:23","slug":"petra-diesing-im-podcast-architektur-fuer-gemeinschaft","status":"publish","type":"post","link":"https:\/\/neustadtarchitekten.de\/en\/petra-diesing-im-podcast-architektur-fuer-gemeinschaft\/","title":{"rendered":"Petra Diesing im Podcast: Architektur f\u00fcr Gemeinschaft"},"content":{"rendered":"<h1 data-start=\"329\" data-end=\"417\">Petra Diesing im Podcast \u00fcber gemeinschaftsf\u00f6rdernde Architektur und Baugemeinschaften<\/h1>\n<p><!--more--><\/p>\n<h2 data-start=\"641\" data-end=\"672\">Worum geht&#8217;s im Podcast?<\/h2>\n<p>Tom Voss hat uns netterweise in seinen Podcast eingeladen, hier interviewt er Experten zu wechselnden Fragen rund um das Thema Wohnen.<\/p>\n<p data-start=\"674\" data-end=\"933\">In der kommenden Folge des Podcasts <strong data-start=\"710\" data-end=\"740\">\u201eWohnprojekte im Gespr\u00e4ch\u201c<\/strong> berichtet Petra Diesing, \u00fcber die langj\u00e4hrige Arbeit von Neustadtarchitekten mit <strong data-start=\"841\" data-end=\"862\">Baugemeinschaften<\/strong> und \u00fcber das Potenzial von Architektur, soziale Strukturen zu st\u00e4rken.<\/p>\n<h3 data-start=\"935\" data-end=\"958\">Themen der Episode:<\/h3>\n<p>&nbsp;<\/p>\n<ul data-start=\"959\" data-end=\"1198\">\n<li data-start=\"959\" data-end=\"1011\">\n<p data-start=\"961\" data-end=\"1011\">Was gemeinschaftsf\u00f6rdernde Architektur auszeichnet<\/p>\n<\/li>\n<li data-start=\"1012\" data-end=\"1074\">\n<p data-start=\"1014\" data-end=\"1074\">Wie Planung mit Baugemeinschaften in der Praxis funktioniert<\/p>\n<\/li>\n<li data-start=\"1075\" data-end=\"1139\">\n<p data-start=\"1077\" data-end=\"1139\">Nachhaltige Stadtentwicklung im Kontext sozialer Verantwortung<\/p>\n<\/li>\n<li data-start=\"1140\" data-end=\"1198\">\n<p data-start=\"1142\" data-end=\"1198\">Die Rolle von Architekt:innen als Prozessbegleiter:innen<\/p>\n<\/li>\n<\/ul>\n<blockquote>\n<p data-start=\"1202\" data-end=\"1365\">\u201eWir verstehen uns nicht nur als Architekt:innen, sondern als \u00dcbersetzer:innen zwischen den W\u00fcnschen der Menschen und der Realit\u00e4t des Bauens.\u201c<br data-start=\"1345\" data-end=\"1348\" \/>\u2013 Petra Diesing<\/p>\n<\/blockquote>\n<p data-start=\"1202\" data-end=\"1365\">\n<p data-start=\"1202\" data-end=\"1365\">\n<h2 data-start=\"1372\" data-end=\"1408\">Ver\u00f6ffentlichung und Sendetermine<\/h2>\n<p>&nbsp;<\/p>\n<p data-start=\"1410\" data-end=\"1675\"><strong data-start=\"1410\" data-end=\"1436\">Podcast-Freischaltung:<\/strong><br data-start=\"1436\" data-end=\"1439\" \/>5. September 2025, 11 Uhr<br data-start=\"1468\" data-end=\"1471\" \/>Der Link zur Episode wird ab dann hier verf\u00fcgbar sein:<br data-start=\"1525\" data-end=\"1528\" \/><a class=\"cursor-pointer\" href=\"http:\/\/www.wohnprojekte-im-gespraech.de\/petra-diesing-neustadtarchitekten\" target=\"_blank\" rel=\"noopener\" data-start=\"1530\" data-end=\"1673\">www.wohnprojekte-im-gespraech.de\/petra-diesing-neustadtarchitekten<\/a><\/p>\n<p data-start=\"1677\" data-end=\"1702\"><strong data-start=\"1677\" data-end=\"1700\">Radio-Sendetermine:<\/strong><\/p>\n<ul data-start=\"1703\" data-end=\"1850\">\n<li data-start=\"1703\" data-end=\"1744\">\n<p data-start=\"1705\" data-end=\"1744\">TIDE.radio: 6. September 2025, 13 Uhr<\/p>\n<\/li>\n<li data-start=\"1745\" data-end=\"1809\">\n<p data-start=\"1747\" data-end=\"1809\">Kiel FM, L\u00fcbeck FM, Westk\u00fcste FM: 13. September 2025, 13 Uhr<\/p>\n<\/li>\n<li data-start=\"1810\" data-end=\"1850\">\n<p data-start=\"1812\" data-end=\"1850\">Radio ZuSa: 21. September 2025, 11 Uhr<\/p>\n<\/li>\n<\/ul>\n<h2 data-start=\"1857\" data-end=\"1908\">Warum das Thema Baugemeinschaften so aktuell ist<\/h2>\n<p data-start=\"1910\" data-end=\"2292\">Baugemeinschaften erm\u00f6glichen nicht nur bezahlbares Wohnen, sondern auch ein hohes Ma\u00df an Mitbestimmung. Sie schaffen R\u00e4ume, die \u00f6kologisch, sozial und langfristig tragf\u00e4hig sind. Als Architekturb\u00fcro mit langj\u00e4hriger Erfahrung in der Planung und Umsetzung solcher Projekte verstehen wir, worauf es dabei ankommt \u2013 und warum dieses Modell gerade in urbanen Kontexten so relevant ist.<\/p>\n<h2 data-start=\"2299\" data-end=\"2323\">Bleiben Sie informiert<\/h2>\n<p>&nbsp;<\/p>\n<p data-start=\"2325\" data-end=\"2483\">Melden Sie sich f\u00fcr unseren Newsletter an und erfahren Sie mehr \u00fcber neue Projekte, Termine und Hintergr\u00fcnde zum Thema <strong data-start=\"2444\" data-end=\"2482\">nachhaltiges Bauen in Gemeinschaft<\/strong>.<\/p>","protected":false},"excerpt":{"rendered":"<p>Petra Diesing im Podcast \u00fcber gemeinschaftsf\u00f6rdernde Architektur und Baugemeinschaften<\/p>","protected":false},"author":2,"featured_media":8147,"comment_status":"closed","ping_status":"open","sticky":false,"template":"","format":"standard","meta":{"footnotes":""},"categories":[34,1,36],"tags":[],"class_list":["post-8142","post","type-post","status-publish","format-standard","has-post-thumbnail","hentry","category-aktuelles","category-allgemein","category-blog"],"acf":[],"yoast_head":"<!-- This site is optimized with the Yoast SEO plugin v25.3 - https:\/\/yoast.com\/wordpress\/plugins\/seo\/ -->\n<title>Petra Diesing im Podcast: Architektur f\u00fcr Gemeinschaft - Neustadtarchitekten<\/title>\n<meta name=\"description\" content=\"Neustadtarchitekten - Petra Diesing im Podcast: Architektur f\u00fcr Gemeinschaft -\" \/>\n<meta name=\"robots\" content=\"index, follow, max-snippet:-1, max-image-preview:large, max-video-preview:-1\" \/>\n<link rel=\"canonical\" href=\"https:\/\/neustadtarchitekten.de\/en\/petra-diesing-im-podcast-architektur-fuer-gemeinschaft\/\" \/>\n<meta property=\"og:locale\" content=\"en_US\" \/>\n<meta property=\"og:type\" content=\"article\" \/>\n<meta property=\"og:title\" content=\"Petra Diesing im Podcast: Architektur f\u00fcr Gemeinschaft - Neustadtarchitekten\" \/>\n<meta property=\"og:description\" content=\"Neustadtarchitekten - Petra Diesing im Podcast: Architektur f\u00fcr Gemeinschaft -\" \/>\n<meta property=\"og:url\" content=\"https:\/\/neustadtarchitekten.de\/en\/petra-diesing-im-podcast-architektur-fuer-gemeinschaft\/\" \/>\n<meta property=\"og:site_name\" content=\"Neustadtarchitekten\" \/>\n<meta property=\"article:publisher\" content=\"https:\/\/www.facebook.com\/Neustadtarchitekten-282231286044257\" \/>\n<meta property=\"article:published_time\" content=\"2025-08-15T09:46:52+00:00\" \/>\n<meta property=\"article:modified_time\" content=\"2025-08-15T10:09:23+00:00\" \/>\n<meta property=\"og:image\" content=\"http:\/\/neustadtarchitekten.de\/wp-content\/uploads\/2025\/08\/Podcast-Cover-Website-LinkedIn.png\" \/>\n\t<meta property=\"og:image:width\" content=\"1200\" \/>\n\t<meta property=\"og:image:height\" content=\"1200\" \/>\n\t<meta property=\"og:image:type\" content=\"image\/png\" \/>\n<meta name=\"author\" content=\"Klaus\" \/>\n<meta name=\"twitter:card\" content=\"summary_large_image\" \/>\n<meta name=\"twitter:label1\" content=\"Written by\" \/>\n\t<meta name=\"twitter:data1\" content=\"Klaus\" \/>\n\t<meta name=\"twitter:label2\" content=\"Est. reading time\" \/>\n\t<meta name=\"twitter:data2\" content=\"2 minutes\" \/>\n<script type=\"application\/ld+json\" class=\"yoast-schema-graph\">{\"@context\":\"https:\/\/schema.org\",\"@graph\":[{\"@type\":\"WebPage\",\"@id\":\"https:\/\/neustadtarchitekten.de\/petra-diesing-im-podcast-architektur-fuer-gemeinschaft\/\",\"url\":\"https:\/\/neustadtarchitekten.de\/petra-diesing-im-podcast-architektur-fuer-gemeinschaft\/\",\"name\":\"Petra Diesing im Podcast: Architektur f\u00fcr Gemeinschaft - Neustadtarchitekten\",\"isPartOf\":{\"@id\":\"https:\/\/neustadtarchitekten.de\/#website\"},\"primaryImageOfPage\":{\"@id\":\"https:\/\/neustadtarchitekten.de\/petra-diesing-im-podcast-architektur-fuer-gemeinschaft\/#primaryimage\"},\"image\":{\"@id\":\"https:\/\/neustadtarchitekten.de\/petra-diesing-im-podcast-architektur-fuer-gemeinschaft\/#primaryimage\"},\"thumbnailUrl\":\"https:\/\/neustadtarchitekten.de\/wp-content\/uploads\/2025\/08\/Podcast-Cover-Website-LinkedIn.png\",\"datePublished\":\"2025-08-15T09:46:52+00:00\",\"dateModified\":\"2025-08-15T10:09:23+00:00\",\"author\":{\"@id\":\"https:\/\/neustadtarchitekten.de\/#\/schema\/person\/5369147c7226d575f9e4745ee0fd1d03\"},\"description\":\"Neustadtarchitekten - Petra Diesing im Podcast: Architektur f\u00fcr Gemeinschaft -\",\"breadcrumb\":{\"@id\":\"https:\/\/neustadtarchitekten.de\/petra-diesing-im-podcast-architektur-fuer-gemeinschaft\/#breadcrumb\"},\"inLanguage\":\"en-US\",\"potentialAction\":[{\"@type\":\"ReadAction\",\"target\":[\"https:\/\/neustadtarchitekten.de\/petra-diesing-im-podcast-architektur-fuer-gemeinschaft\/\"]}]},{\"@type\":\"ImageObject\",\"inLanguage\":\"en-US\",\"@id\":\"https:\/\/neustadtarchitekten.de\/petra-diesing-im-podcast-architektur-fuer-gemeinschaft\/#primaryimage\",\"url\":\"https:\/\/neustadtarchitekten.de\/wp-content\/uploads\/2025\/08\/Podcast-Cover-Website-LinkedIn.png\",\"contentUrl\":\"https:\/\/neustadtarchitekten.de\/wp-content\/uploads\/2025\/08\/Podcast-Cover-Website-LinkedIn.png\",\"width\":1200,\"height\":1200},{\"@type\":\"BreadcrumbList\",\"@id\":\"https:\/\/neustadtarchitekten.de\/petra-diesing-im-podcast-architektur-fuer-gemeinschaft\/#breadcrumb\",\"itemListElement\":[{\"@type\":\"ListItem\",\"position\":1,\"name\":\"Startseite\",\"item\":\"https:\/\/neustadtarchitekten.de\/\"},{\"@type\":\"ListItem\",\"position\":2,\"name\":\"Petra Diesing im Podcast: Architektur f\u00fcr Gemeinschaft\"}]},{\"@type\":\"WebSite\",\"@id\":\"https:\/\/neustadtarchitekten.de\/#website\",\"url\":\"https:\/\/neustadtarchitekten.de\/\",\"name\":\"Neustadtarchitekten\",\"description\":\"Projekte und Aktuelles aus unserem Architekturb\u00fcro\",\"potentialAction\":[{\"@type\":\"SearchAction\",\"target\":{\"@type\":\"EntryPoint\",\"urlTemplate\":\"https:\/\/neustadtarchitekten.de\/?s={search_term_string}\"},\"query-input\":{\"@type\":\"PropertyValueSpecification\",\"valueRequired\":true,\"valueName\":\"search_term_string\"}}],\"inLanguage\":\"en-US\"},{\"@type\":\"Person\",\"@id\":\"https:\/\/neustadtarchitekten.de\/#\/schema\/person\/5369147c7226d575f9e4745ee0fd1d03\",\"name\":\"Klaus\",\"image\":{\"@type\":\"ImageObject\",\"inLanguage\":\"en-US\",\"@id\":\"https:\/\/neustadtarchitekten.de\/#\/schema\/person\/image\/\",\"url\":\"https:\/\/secure.gravatar.com\/avatar\/b59279b64c71859735b7a2a9d06a2c48b159731d5146b2376975e588b278a9fe?s=96&d=mm&r=g\",\"contentUrl\":\"https:\/\/secure.gravatar.com\/avatar\/b59279b64c71859735b7a2a9d06a2c48b159731d5146b2376975e588b278a9fe?s=96&d=mm&r=g\",\"caption\":\"Klaus\"}}]}<\/script>\n<!-- \/ Yoast SEO plugin. -->","yoast_head_json":{"title":"Petra Diesing im Podcast: Architektur f\u00fcr Gemeinschaft - Neustadtarchitekten","description":"Neustadtarchitekten - Petra Diesing im Podcast: Architektur f\u00fcr Gemeinschaft -","robots":{"index":"index","follow":"follow","max-snippet":"max-snippet:-1","max-image-preview":"max-image-preview:large","max-video-preview":"max-video-preview:-1"},"canonical":"https:\/\/neustadtarchitekten.de\/en\/petra-diesing-im-podcast-architektur-fuer-gemeinschaft\/","og_locale":"en_US","og_type":"article","og_title":"Petra Diesing im Podcast: Architektur f\u00fcr Gemeinschaft - Neustadtarchitekten","og_description":"Neustadtarchitekten - Petra Diesing im Podcast: Architektur f\u00fcr Gemeinschaft -","og_url":"https:\/\/neustadtarchitekten.de\/en\/petra-diesing-im-podcast-architektur-fuer-gemeinschaft\/","og_site_name":"Neustadtarchitekten","article_publisher":"https:\/\/www.facebook.com\/Neustadtarchitekten-282231286044257","article_published_time":"2025-08-15T09:46:52+00:00","article_modified_time":"2025-08-15T10:09:23+00:00","og_image":[{"width":1200,"height":1200,"url":"http:\/\/neustadtarchitekten.de\/wp-content\/uploads\/2025\/08\/Podcast-Cover-Website-LinkedIn.png","type":"image\/png"}],"author":"Klaus","twitter_card":"summary_large_image","twitter_misc":{"Written by":"Klaus","Est. reading time":"2 minutes"},"schema":{"@context":"https:\/\/schema.org","@graph":[{"@type":"WebPage","@id":"https:\/\/neustadtarchitekten.de\/petra-diesing-im-podcast-architektur-fuer-gemeinschaft\/","url":"https:\/\/neustadtarchitekten.de\/petra-diesing-im-podcast-architektur-fuer-gemeinschaft\/","name":"Petra Diesing im Podcast: Architektur f\u00fcr Gemeinschaft - Neustadtarchitekten","isPartOf":{"@id":"https:\/\/neustadtarchitekten.de\/#website"},"primaryImageOfPage":{"@id":"https:\/\/neustadtarchitekten.de\/petra-diesing-im-podcast-architektur-fuer-gemeinschaft\/#primaryimage"},"image":{"@id":"https:\/\/neustadtarchitekten.de\/petra-diesing-im-podcast-architektur-fuer-gemeinschaft\/#primaryimage"},"thumbnailUrl":"https:\/\/neustadtarchitekten.de\/wp-content\/uploads\/2025\/08\/Podcast-Cover-Website-LinkedIn.png","datePublished":"2025-08-15T09:46:52+00:00","dateModified":"2025-08-15T10:09:23+00:00","author":{"@id":"https:\/\/neustadtarchitekten.de\/#\/schema\/person\/5369147c7226d575f9e4745ee0fd1d03"},"description":"Neustadtarchitekten - Petra Diesing im Podcast: Architektur f\u00fcr Gemeinschaft -","breadcrumb":{"@id":"https:\/\/neustadtarchitekten.de\/petra-diesing-im-podcast-architektur-fuer-gemeinschaft\/#breadcrumb"},"inLanguage":"en-US","potentialAction":[{"@type":"ReadAction","target":["https:\/\/neustadtarchitekten.de\/petra-diesing-im-podcast-architektur-fuer-gemeinschaft\/"]}]},{"@type":"ImageObject","inLanguage":"en-US","@id":"https:\/\/neustadtarchitekten.de\/petra-diesing-im-podcast-architektur-fuer-gemeinschaft\/#primaryimage","url":"https:\/\/neustadtarchitekten.de\/wp-content\/uploads\/2025\/08\/Podcast-Cover-Website-LinkedIn.png","contentUrl":"https:\/\/neustadtarchitekten.de\/wp-content\/uploads\/2025\/08\/Podcast-Cover-Website-LinkedIn.png","width":1200,"height":1200},{"@type":"BreadcrumbList","@id":"https:\/\/neustadtarchitekten.de\/petra-diesing-im-podcast-architektur-fuer-gemeinschaft\/#breadcrumb","itemListElement":[{"@type":"ListItem","position":1,"name":"Startseite","item":"https:\/\/neustadtarchitekten.de\/"},{"@type":"ListItem","position":2,"name":"Petra Diesing im Podcast: Architektur f\u00fcr Gemeinschaft"}]},{"@type":"WebSite","@id":"https:\/\/neustadtarchitekten.de\/#website","url":"https:\/\/neustadtarchitekten.de\/","name":"Neustadtarchitekten","description":"Projekte und Aktuelles aus unserem Architekturb\u00fcro","potentialAction":[{"@type":"SearchAction","target":{"@type":"EntryPoint","urlTemplate":"https:\/\/neustadtarchitekten.de\/?s={search_term_string}"},"query-input":{"@type":"PropertyValueSpecification","valueRequired":true,"valueName":"search_term_string"}}],"inLanguage":"en-US"},{"@type":"Person","@id":"https:\/\/neustadtarchitekten.de\/#\/schema\/person\/5369147c7226d575f9e4745ee0fd1d03","name":"Klaus","image":{"@type":"ImageObject","inLanguage":"en-US","@id":"https:\/\/neustadtarchitekten.de\/#\/schema\/person\/image\/","url":"https:\/\/secure.gravatar.com\/avatar\/b59279b64c71859735b7a2a9d06a2c48b159731d5146b2376975e588b278a9fe?s=96&d=mm&r=g","contentUrl":"https:\/\/secure.gravatar.com\/avatar\/b59279b64c71859735b7a2a9d06a2c48b159731d5146b2376975e588b278a9fe?s=96&d=mm&r=g","caption":"Klaus"}}]}},"_links":{"self":[{"href":"https:\/\/neustadtarchitekten.de\/en\/wp-json\/wp\/v2\/posts\/8142","targetHints":{"allow":["GET"]}}],"collection":[{"href":"https:\/\/neustadtarchitekten.de\/en\/wp-json\/wp\/v2\/posts"}],"about":[{"href":"https:\/\/neustadtarchitekten.de\/en\/wp-json\/wp\/v2\/types\/post"}],"author":[{"embeddable":true,"href":"https:\/\/neustadtarchitekten.de\/en\/wp-json\/wp\/v2\/users\/2"}],"replies":[{"embeddable":true,"href":"https:\/\/neustadtarchitekten.de\/en\/wp-json\/wp\/v2\/comments?post=8142"}],"version-history":[{"count":5,"href":"https:\/\/neustadtarchitekten.de\/en\/wp-json\/wp\/v2\/posts\/8142\/revisions"}],"predecessor-version":[{"id":8150,"href":"https:\/\/neustadtarchitekten.de\/en\/wp-json\/wp\/v2\/posts\/8142\/revisions\/8150"}],"wp:featuredmedia":[{"embeddable":true,"href":"https:\/\/neustadtarchitekten.de\/en\/wp-json\/wp\/v2\/media\/8147"}],"wp:attachment":[{"href":"https:\/\/neustadtarchitekten.de\/en\/wp-json\/wp\/v2\/media?parent=8142"}],"wp:term":[{"taxonomy":"category","embeddable":true,"href":"https:\/\/neustadtarchitekten.de\/en\/wp-json\/wp\/v2\/categories?post=8142"},{"taxonomy":"post_tag","embeddable":true,"href":"https:\/\/neustadtarchitekten.de\/en\/wp-json\/wp\/v2\/tags?post=8142"}],"curies":[{"name":"wp","href":"https:\/\/api.w.org\/{rel}","templated":true}]}}